{"id":538,"date":"2025-03-20T13:56:47","date_gmt":"2025-03-20T12:56:47","guid":{"rendered":"https:\/\/www.vidaarquitectura.com\/?p=538"},"modified":"2025-03-20T16:07:27","modified_gmt":"2025-03-20T15:07:27","slug":"ultimos-detalles-alenda-golf","status":"publish","type":"post","link":"https:\/\/www.vidaarquitectura.com\/en\/ultimos-detalles-alenda-golf\/","title":{"rendered":"Final details in the Alenda Golf home"},"content":{"rendered":"<p>La vivienda en Alenda Golf, situada en un entorno natural privilegiado de Alicante, est\u00e1 a punto de completarse. Dise\u00f1ada para integrarse en el paisaje, este proyecto apuesta por una arquitectura contempor\u00e1nea que combina vol\u00famenes blancos, muros de piedra caliza y grandes ventanales que inundan el interior de luz natural.<br><\/p>\n\n\n\n<p><\/p>","protected":false},"excerpt":{"rendered":"<p>La vivienda en Alenda Golf, situada en un entorno natural privilegiado de Alicante, est\u00e1 a punto de completarse. Dise\u00f1ada para integrarse en el paisaje, este proyecto apuesta por una arquitectura contempor\u00e1nea que combina vol\u00famenes blancos, muros de piedra caliza y grandes ventanales que...<\/p>","protected":false},"author":1,"featured_media":543,"comment_status":"open","ping_status":"open","sticky":false,"template":"","format":"standard","meta":{"_acf_changed":false,"footnotes":""},"categories":[4],"tags":[],"class_list":["post-538","post","type-post","status-publish","format-standard","has-post-thumbnail","hentry","category-noticias"],"acf":[],"_links":{"self":[{"href":"https:\/\/www.vidaarquitectura.com\/en\/wp-json\/wp\/v2\/posts\/538","targetHints":{"allow":["GET"]}}],"collection":[{"href":"https:\/\/www.vidaarquitectura.com\/en\/wp-json\/wp\/v2\/posts"}],"about":[{"href":"https:\/\/www.vidaarquitectura.com\/en\/wp-json\/wp\/v2\/types\/post"}],"author":[{"embeddable":true,"href":"https:\/\/www.vidaarquitectura.com\/en\/wp-json\/wp\/v2\/users\/1"}],"replies":[{"embeddable":true,"href":"https:\/\/www.vidaarquitectura.com\/en\/wp-json\/wp\/v2\/comments?post=538"}],"version-history":[{"count":2,"href":"https:\/\/www.vidaarquitectura.com\/en\/wp-json\/wp\/v2\/posts\/538\/revisions"}],"predecessor-version":[{"id":545,"href":"https:\/\/www.vidaarquitectura.com\/en\/wp-json\/wp\/v2\/posts\/538\/revisions\/545"}],"wp:featuredmedia":[{"embeddable":true,"href":"https:\/\/www.vidaarquitectura.com\/en\/wp-json\/wp\/v2\/media\/543"}],"wp:attachment":[{"href":"https:\/\/www.vidaarquitectura.com\/en\/wp-json\/wp\/v2\/media?parent=538"}],"wp:term":[{"taxonomy":"category","embeddable":true,"href":"https:\/\/www.vidaarquitectura.com\/en\/wp-json\/wp\/v2\/categories?post=538"},{"taxonomy":"post_tag","embeddable":true,"href":"https:\/\/www.vidaarquitectura.com\/en\/wp-json\/wp\/v2\/tags?post=538"}],"curies":[{"name":"wp","href":"https:\/\/api.w.org\/{rel}","templated":true}]}}