{"id":434,"date":"2024-12-10T11:36:34","date_gmt":"2024-12-10T10:36:34","guid":{"rendered":"https:\/\/www.vidaarquitectura.com\/?p=434"},"modified":"2024-12-11T10:13:03","modified_gmt":"2024-12-11T09:13:03","slug":"culebra-resort-puerto-rico","status":"publish","type":"post","link":"https:\/\/www.vidaarquitectura.com\/en\/culebra-resort-puerto-rico\/","title":{"rendered":"Culebra Resort: A New Icon of Modular Design in Puerto Rico"},"content":{"rendered":"<p>KEU proudly announces the start of construction of a new <strong>Culebra Resort<\/strong>an exclusive 12-unit complex of the <strong>KEU Pocket<\/strong> in the heart of the island of Culebra, Puerto Rico. This project marks a new milestone in the integration of modular architecture with exceptional natural landscapes, redefining the concept of luxury and sustainability in the Caribbean.<\/p>\n\n\n\n<p><\/p>","protected":false},"excerpt":{"rendered":"<p>KEU anuncia con orgullo el inicio de la construcci\u00f3n de Culebra Resort, un exclusivo complejo de 12 unidades del modelo KEU Pocket en el coraz\u00f3n de la isla de Culebra, Puerto Rico. Este proyecto marca un nuevo hito en la integraci\u00f3n de arquitectura modular con paisajes naturales excepcionales,...<\/p>","protected":false},"author":1,"featured_media":437,"comment_status":"open","ping_status":"open","sticky":false,"template":"","format":"standard","meta":{"_acf_changed":false,"footnotes":""},"categories":[4],"tags":[],"class_list":["post-434","post","type-post","status-publish","format-standard","has-post-thumbnail","hentry","category-noticias"],"acf":[],"_links":{"self":[{"href":"https:\/\/www.vidaarquitectura.com\/en\/wp-json\/wp\/v2\/posts\/434","targetHints":{"allow":["GET"]}}],"collection":[{"href":"https:\/\/www.vidaarquitectura.com\/en\/wp-json\/wp\/v2\/posts"}],"about":[{"href":"https:\/\/www.vidaarquitectura.com\/en\/wp-json\/wp\/v2\/types\/post"}],"author":[{"embeddable":true,"href":"https:\/\/www.vidaarquitectura.com\/en\/wp-json\/wp\/v2\/users\/1"}],"replies":[{"embeddable":true,"href":"https:\/\/www.vidaarquitectura.com\/en\/wp-json\/wp\/v2\/comments?post=434"}],"version-history":[{"count":1,"href":"https:\/\/www.vidaarquitectura.com\/en\/wp-json\/wp\/v2\/posts\/434\/revisions"}],"predecessor-version":[{"id":438,"href":"https:\/\/www.vidaarquitectura.com\/en\/wp-json\/wp\/v2\/posts\/434\/revisions\/438"}],"wp:featuredmedia":[{"embeddable":true,"href":"https:\/\/www.vidaarquitectura.com\/en\/wp-json\/wp\/v2\/media\/437"}],"wp:attachment":[{"href":"https:\/\/www.vidaarquitectura.com\/en\/wp-json\/wp\/v2\/media?parent=434"}],"wp:term":[{"taxonomy":"category","embeddable":true,"href":"https:\/\/www.vidaarquitectura.com\/en\/wp-json\/wp\/v2\/categories?post=434"},{"taxonomy":"post_tag","embeddable":true,"href":"https:\/\/www.vidaarquitectura.com\/en\/wp-json\/wp\/v2\/tags?post=434"}],"curies":[{"name":"wp","href":"https:\/\/api.w.org\/{rel}","templated":true}]}}