{"id":415,"date":"2024-12-10T11:13:44","date_gmt":"2024-12-10T10:13:44","guid":{"rendered":"https:\/\/www.vidaarquitectura.com\/?p=415"},"modified":"2024-12-11T10:08:14","modified_gmt":"2024-12-11T09:08:14","slug":"finalizacion-de-obras-en-villa-bbs","status":"publish","type":"post","link":"https:\/\/www.vidaarquitectura.com\/en\/finalizacion-de-obras-en-villa-bbs\/","title":{"rendered":"Completion of works at Villa BBS"},"content":{"rendered":"<h2 class=\"wp-block-heading\"><strong><strong>A Mediterranean Oasis in the heart of Valverde (Elche)<\/strong><\/strong><\/h2>\n\n\n\n<p>Finlaizan las obras en Villa BBS. En la tranquila pedan\u00eda de Valverde, en el coraz\u00f3n del campo de Elche, culmina la construcci\u00f3n de una vivienda \u00fanica que rinde homenaje al estilo mediterr\u00e1neo. Este chalet se convierte en un refugio donde la tradici\u00f3n, la naturaleza y el dise\u00f1o contempor\u00e1neo se encuentran para crear un hogar acogedor y funcional.<\/p>\n\n\n\n<p><\/p>","protected":false},"excerpt":{"rendered":"<p>Un Oasis Mediterr\u00e1neo en el coraz\u00f3n de Valverde (Elche) Finlaizan las obras en Villa BBS. En la tranquila pedan\u00eda de Valverde, en el coraz\u00f3n del campo de Elche, culmina la construcci\u00f3n de una vivienda \u00fanica que rinde homenaje al estilo mediterr\u00e1neo. Este chalet se convierte en un refugio...<\/p>","protected":false},"author":1,"featured_media":416,"comment_status":"open","ping_status":"open","sticky":false,"template":"","format":"standard","meta":{"_acf_changed":false,"footnotes":""},"categories":[4],"tags":[],"class_list":["post-415","post","type-post","status-publish","format-standard","has-post-thumbnail","hentry","category-noticias"],"acf":[],"_links":{"self":[{"href":"https:\/\/www.vidaarquitectura.com\/en\/wp-json\/wp\/v2\/posts\/415","targetHints":{"allow":["GET"]}}],"collection":[{"href":"https:\/\/www.vidaarquitectura.com\/en\/wp-json\/wp\/v2\/posts"}],"about":[{"href":"https:\/\/www.vidaarquitectura.com\/en\/wp-json\/wp\/v2\/types\/post"}],"author":[{"embeddable":true,"href":"https:\/\/www.vidaarquitectura.com\/en\/wp-json\/wp\/v2\/users\/1"}],"replies":[{"embeddable":true,"href":"https:\/\/www.vidaarquitectura.com\/en\/wp-json\/wp\/v2\/comments?post=415"}],"version-history":[{"count":3,"href":"https:\/\/www.vidaarquitectura.com\/en\/wp-json\/wp\/v2\/posts\/415\/revisions"}],"predecessor-version":[{"id":462,"href":"https:\/\/www.vidaarquitectura.com\/en\/wp-json\/wp\/v2\/posts\/415\/revisions\/462"}],"wp:featuredmedia":[{"embeddable":true,"href":"https:\/\/www.vidaarquitectura.com\/en\/wp-json\/wp\/v2\/media\/416"}],"wp:attachment":[{"href":"https:\/\/www.vidaarquitectura.com\/en\/wp-json\/wp\/v2\/media?parent=415"}],"wp:term":[{"taxonomy":"category","embeddable":true,"href":"https:\/\/www.vidaarquitectura.com\/en\/wp-json\/wp\/v2\/categories?post=415"},{"taxonomy":"post_tag","embeddable":true,"href":"https:\/\/www.vidaarquitectura.com\/en\/wp-json\/wp\/v2\/tags?post=415"}],"curies":[{"name":"wp","href":"https:\/\/api.w.org\/{rel}","templated":true}]}}