{"id":434,"date":"2024-12-10T11:36:34","date_gmt":"2024-12-10T10:36:34","guid":{"rendered":"https:\/\/www.vidaarquitectura.com\/?p=434"},"modified":"2024-12-11T10:13:03","modified_gmt":"2024-12-11T09:13:03","slug":"culebra-resort-puerto-rico","status":"publish","type":"post","link":"https:\/\/www.vidaarquitectura.com\/ch\/culebra-resort-puerto-rico\/","title":{"rendered":"\u5e93\u83b1\u5e03\u62c9\u5ea6\u5047\u6751\uff1a\u6ce2\u591a\u9ece\u5404\u6a21\u5757\u5316\u8bbe\u8ba1\u7684\u65b0\u6807\u5fd7"},"content":{"rendered":"<p>KEU \u81ea\u8c6a\u5730\u5ba3\u5e03\u5f00\u59cb\u5efa\u9020 <strong>\u5e93\u83b1\u5e03\u62c9\u5ea6\u5047\u6751<\/strong>\u4e00\u4e2a\u7531 12 \u4e2a\u5355\u5143\u7ec4\u6210\u7684\u72ec\u5bb6\u6a21\u578b\u7efc\u5408\u4f53 <strong>KEU \u53e3\u888b<\/strong> \u4f4d\u4e8e\u6ce2\u591a\u9ece\u5404\u5e93\u83b1\u5e03\u62c9\u5c9b\u7684\u4e2d\u5fc3\u5730\u5e26\u3002\u8be5\u9879\u76ee\u6807\u5fd7\u7740\u6a21\u5757\u5316\u5efa\u7b51\u4e0e\u7279\u6b8a\u81ea\u7136\u666f\u89c2\u76f8\u7ed3\u5408\u7684\u65b0\u91cc\u7a0b\u7891\uff0c\u91cd\u65b0\u5b9a\u4e49\u4e86\u52a0\u52d2\u6bd4\u5730\u533a\u5962\u534e\u548c\u53ef\u6301\u7eed\u53d1\u5c55\u7684\u6982\u5ff5\u3002<\/p>\n\n\n\n<p><\/p>","protected":false},"excerpt":{"rendered":"<p>KEU anuncia con orgullo el inicio de la construcci\u00f3n de Culebra Resort, un exclusivo complejo de 12 unidades del modelo KEU Pocket en el coraz\u00f3n de la isla de Culebra, Puerto Rico. Este proyecto marca un nuevo hito en la integraci\u00f3n de arquitectura modular con paisajes naturales excepcionales,...<\/p>","protected":false},"author":1,"featured_media":437,"comment_status":"open","ping_status":"open","sticky":false,"template":"","format":"standard","meta":{"_acf_changed":false,"footnotes":""},"categories":[4],"tags":[],"class_list":["post-434","post","type-post","status-publish","format-standard","has-post-thumbnail","hentry","category-noticias"],"acf":[],"_links":{"self":[{"href":"https:\/\/www.vidaarquitectura.com\/ch\/wp-json\/wp\/v2\/posts\/434","targetHints":{"allow":["GET"]}}],"collection":[{"href":"https:\/\/www.vidaarquitectura.com\/ch\/wp-json\/wp\/v2\/posts"}],"about":[{"href":"https:\/\/www.vidaarquitectura.com\/ch\/wp-json\/wp\/v2\/types\/post"}],"author":[{"embeddable":true,"href":"https:\/\/www.vidaarquitectura.com\/ch\/wp-json\/wp\/v2\/users\/1"}],"replies":[{"embeddable":true,"href":"https:\/\/www.vidaarquitectura.com\/ch\/wp-json\/wp\/v2\/comments?post=434"}],"version-history":[{"count":1,"href":"https:\/\/www.vidaarquitectura.com\/ch\/wp-json\/wp\/v2\/posts\/434\/revisions"}],"predecessor-version":[{"id":438,"href":"https:\/\/www.vidaarquitectura.com\/ch\/wp-json\/wp\/v2\/posts\/434\/revisions\/438"}],"wp:featuredmedia":[{"embeddable":true,"href":"https:\/\/www.vidaarquitectura.com\/ch\/wp-json\/wp\/v2\/media\/437"}],"wp:attachment":[{"href":"https:\/\/www.vidaarquitectura.com\/ch\/wp-json\/wp\/v2\/media?parent=434"}],"wp:term":[{"taxonomy":"category","embeddable":true,"href":"https:\/\/www.vidaarquitectura.com\/ch\/wp-json\/wp\/v2\/categories?post=434"},{"taxonomy":"post_tag","embeddable":true,"href":"https:\/\/www.vidaarquitectura.com\/ch\/wp-json\/wp\/v2\/tags?post=434"}],"curies":[{"name":"wp","href":"https:\/\/api.w.org\/{rel}","templated":true}]}}