{"id":421,"date":"2024-12-10T11:15:53","date_gmt":"2024-12-10T10:15:53","guid":{"rendered":"https:\/\/www.vidaarquitectura.com\/?p=421"},"modified":"2024-12-11T10:07:23","modified_gmt":"2024-12-11T09:07:23","slug":"finalizacion-de-obras-en-villa-bbs-2","status":"publish","type":"post","link":"https:\/\/www.vidaarquitectura.com\/ch\/finalizacion-de-obras-en-villa-bbs-2\/","title":{"rendered":"\u6d1b\u6d1b\u4e4b\u5bb6\u5f00\u59cb\u65bd\u5de5"},"content":{"rendered":"<h2 class=\"wp-block-heading\"><strong><strong><strong>\u57c3\u5c14\u5207\u72ec\u5177\u7279\u8272\u7684\u57ce\u5e02\u4f4f\u5b85<\/strong><\/strong><\/strong><\/h2>\n\n\n\n<p>Iniciamos las obras en Lolo's House. En pleno n\u00facleo urbano de Elche, se erige una vivienda que redefine el aprovechamiento del espacio y el dise\u00f1o contempor\u00e1neo.<\/p>","protected":false},"excerpt":{"rendered":"<p>Un Hogar Urbano con Identidad Propia en Elche Iniciamos las obras en Lolo's House. En pleno n\u00facleo urbano de Elche, se erige una vivienda que redefine el aprovechamiento del espacio y el dise\u00f1o contempor\u00e1neo.<\/p>","protected":false},"author":1,"featured_media":429,"comment_status":"open","ping_status":"open","sticky":false,"template":"","format":"standard","meta":{"_acf_changed":false,"footnotes":""},"categories":[4],"tags":[],"class_list":["post-421","post","type-post","status-publish","format-standard","has-post-thumbnail","hentry","category-noticias"],"acf":[],"_links":{"self":[{"href":"https:\/\/www.vidaarquitectura.com\/ch\/wp-json\/wp\/v2\/posts\/421","targetHints":{"allow":["GET"]}}],"collection":[{"href":"https:\/\/www.vidaarquitectura.com\/ch\/wp-json\/wp\/v2\/posts"}],"about":[{"href":"https:\/\/www.vidaarquitectura.com\/ch\/wp-json\/wp\/v2\/types\/post"}],"author":[{"embeddable":true,"href":"https:\/\/www.vidaarquitectura.com\/ch\/wp-json\/wp\/v2\/users\/1"}],"replies":[{"embeddable":true,"href":"https:\/\/www.vidaarquitectura.com\/ch\/wp-json\/wp\/v2\/comments?post=421"}],"version-history":[{"count":4,"href":"https:\/\/www.vidaarquitectura.com\/ch\/wp-json\/wp\/v2\/posts\/421\/revisions"}],"predecessor-version":[{"id":461,"href":"https:\/\/www.vidaarquitectura.com\/ch\/wp-json\/wp\/v2\/posts\/421\/revisions\/461"}],"wp:featuredmedia":[{"embeddable":true,"href":"https:\/\/www.vidaarquitectura.com\/ch\/wp-json\/wp\/v2\/media\/429"}],"wp:attachment":[{"href":"https:\/\/www.vidaarquitectura.com\/ch\/wp-json\/wp\/v2\/media?parent=421"}],"wp:term":[{"taxonomy":"category","embeddable":true,"href":"https:\/\/www.vidaarquitectura.com\/ch\/wp-json\/wp\/v2\/categories?post=421"},{"taxonomy":"post_tag","embeddable":true,"href":"https:\/\/www.vidaarquitectura.com\/ch\/wp-json\/wp\/v2\/tags?post=421"}],"curies":[{"name":"wp","href":"https:\/\/api.w.org\/{rel}","templated":true}]}}