{"id":233,"date":"2024-10-03T14:00:03","date_gmt":"2024-10-03T12:00:03","guid":{"rendered":"https:\/\/www.vidaarquitectura.com\/?p=233"},"modified":"2024-12-11T10:12:15","modified_gmt":"2024-12-11T09:12:15","slug":"proyecto-puerto-rico-fajardo","status":"publish","type":"post","link":"https:\/\/www.vidaarquitectura.com\/ch\/proyecto-puerto-rico-fajardo\/","title":{"rendered":"\u6ce2\u591a\u9ece\u5404-\u6cd5\u54c8\u591a\u5728\u5efa\u65b0\u9879\u76ee"},"content":{"rendered":"<h2 class=\"wp-block-heading\"><strong>Un di\u00e1logo entre naturaleza y dise\u00f1o en Fajardo<\/strong><\/h2>\n\n\n\n<p>\u4f4d\u4e8e\u6cd5\u54c8\u591a\uff08Fajardo\uff09\u4e18\u9675\u5730\u5e26\u7684\u4e00\u4e2a\u79c1\u4eba\u57ce\u9547\u3001 <strong>KEU \u6cd5\u54c8\u591a<\/strong> \u662f\u5f53\u4ee3\u5efa\u7b51\u4e0e\u81ea\u7136\u73af\u5883\u548c\u8c10\u878d\u5408\u7684\u89c1\u8bc1\u3002\u8be5\u9879\u76ee\u7531 <strong>\u7ef4\u8fbe\u5c14-\u83ab\u96f7\u8bfa\u4e0e\u666f\u89c2\u8bbe\u8ba1\u5e08 \u00d3scar Haro \u5408\u4f5c<\/strong>\u5e84\u56ed\u5750\u843d\u5728\u4e00\u4e2a\u659c\u5761\u4e0a\uff0c\u4e00\u68f5\u7cbe\u5fc3\u4fdd\u62a4\u7684\u8292\u679c\u6811\u5360\u636e\u4e86\u5e84\u56ed\u7684\u4e2d\u5fc3\u4f4d\u7f6e\uff0c\u8c61\u5f81\u7740\u4e0e\u5927\u81ea\u7136\u7684\u8054\u7cfb\u3002<\/p>\n\n\n\n<p><\/p>","protected":false},"excerpt":{"rendered":"<p>Un di\u00e1logo entre naturaleza y dise\u00f1o en Fajardo Ubicado en una urbanizaci\u00f3n privada en las colinas de Fajardo, KEU Fajardo es un testimonio de la fusi\u00f3n armoniosa entre la arquitectura contempor\u00e1nea y el entorno natural. Este proyecto, liderado por Vidal Moreno en colaboraci\u00f3n con el...<\/p>","protected":false},"author":1,"featured_media":236,"comment_status":"open","ping_status":"open","sticky":false,"template":"","format":"standard","meta":{"_acf_changed":false,"footnotes":""},"categories":[4],"tags":[],"class_list":["post-233","post","type-post","status-publish","format-standard","has-post-thumbnail","hentry","category-noticias"],"acf":[],"_links":{"self":[{"href":"https:\/\/www.vidaarquitectura.com\/ch\/wp-json\/wp\/v2\/posts\/233","targetHints":{"allow":["GET"]}}],"collection":[{"href":"https:\/\/www.vidaarquitectura.com\/ch\/wp-json\/wp\/v2\/posts"}],"about":[{"href":"https:\/\/www.vidaarquitectura.com\/ch\/wp-json\/wp\/v2\/types\/post"}],"author":[{"embeddable":true,"href":"https:\/\/www.vidaarquitectura.com\/ch\/wp-json\/wp\/v2\/users\/1"}],"replies":[{"embeddable":true,"href":"https:\/\/www.vidaarquitectura.com\/ch\/wp-json\/wp\/v2\/comments?post=233"}],"version-history":[{"count":2,"href":"https:\/\/www.vidaarquitectura.com\/ch\/wp-json\/wp\/v2\/posts\/233\/revisions"}],"predecessor-version":[{"id":463,"href":"https:\/\/www.vidaarquitectura.com\/ch\/wp-json\/wp\/v2\/posts\/233\/revisions\/463"}],"wp:featuredmedia":[{"embeddable":true,"href":"https:\/\/www.vidaarquitectura.com\/ch\/wp-json\/wp\/v2\/media\/236"}],"wp:attachment":[{"href":"https:\/\/www.vidaarquitectura.com\/ch\/wp-json\/wp\/v2\/media?parent=233"}],"wp:term":[{"taxonomy":"category","embeddable":true,"href":"https:\/\/www.vidaarquitectura.com\/ch\/wp-json\/wp\/v2\/categories?post=233"},{"taxonomy":"post_tag","embeddable":true,"href":"https:\/\/www.vidaarquitectura.com\/ch\/wp-json\/wp\/v2\/tags?post=233"}],"curies":[{"name":"wp","href":"https:\/\/api.w.org\/{rel}","templated":true}]}}